{"id":3916,"date":"2023-07-02T20:15:54","date_gmt":"2023-07-03T01:15:54","guid":{"rendered":"https:\/\/fecolboccia.co\/?p=3916"},"modified":"2023-08-22T20:36:52","modified_gmt":"2023-08-23T01:36:52","slug":"exito-historico-el-equipo-colombiano-de-boccia-triunfa-en-el-world-boccia-challenger-de-santiago","status":"publish","type":"post","link":"https:\/\/fecolboccia.co\/index.php\/2023\/07\/02\/exito-historico-el-equipo-colombiano-de-boccia-triunfa-en-el-world-boccia-challenger-de-santiago\/","title":{"rendered":"\u00c9xito hist\u00f3rico: el equipo colombiano de boccia triunfa en el world boccia challenger de Santiago"},"content":{"rendered":"<h2 style=\"font-weight: 400; text-align: center;\">\u00c9xito hist\u00f3rico: el equipo colombiano de boccia triunfa en el world boccia challenger de Santiago<\/h2>\n<div class=\"flex_column av-75x1k3-3529ed8e839d5658b07bf3a99f8f55f3 av_one_half avia-builder-el-1 el_after_av_textblock el_before_av_one_half first flex_column_div av-zero-column-padding column-top-margin\">\n<section class=\"av_textblock_section av-lfjqvme1-d6633b485e8306df6ede773b1c7d5480\">\n<div class=\"avia_textblock\">\n<p>\u00a0<span class=\"fontstyle0\">El equipo colombiano de Boccia ha dejado una marca indeleble en el escenario internacional al culminar una participaci\u00f3n excepcional en el World Boccia Challenger, llevado a cabo en Santiago de Chile del 25 de junio al 2 de julio. Colombia se destac\u00f3 con cuatro medallas de oro y una de bronce, conquistando el primer puesto en la tabla general de medaller\u00eda en este evento de gran relevancia<\/span><\/p>\n<\/div>\n<\/section>\n<\/div>\n<p><!--more--><\/p>\n<div class=\"flex_column av-5me5oj-caa3cb5376542c6a252472e469d12a56 av_one_half avia-builder-el-3 el_after_av_one_half el_before_av_textblock flex_column_div av-zero-column-padding column-top-margin\">\n<div class=\"avia-image-container av-lfjsmsii-02173c10a1aee3628ba65d0bf4fcfbae av-styling- avia-align-center avia-builder-el-4 avia-builder-el-no-sibling \">\n<div class=\"avia-image-container-inner\">\n<div class=\"avia-image-overlay-wrap\">\n<p><span class=\"fontstyle0\"><img decoding=\"async\" class=\"lazyload alignleft wp-image-3729 size-fusion-400\" src=\"https:\/\/fecolboccia.co\/wp-content\/uploads\/2023\/07\/WBCS14-400x267.jpg\" data-orig-src=\"https:\/\/fecolboccia.co\/wp-content\/uploads\/2023\/07\/WBCS14-400x267.jpg\" alt=\"\" width=\"400\" height=\"267\" srcset=\"data:image\/svg+xml,%3Csvg%20xmlns%3D%27http%3A%2F%2Fwww.w3.org%2F2000%2Fsvg%27%20width%3D%27400%27%20height%3D%27267%27%20viewBox%3D%270%200%20400%20267%27%3E%3Crect%20width%3D%27400%27%20height%3D%27267%27%20fill-opacity%3D%220%22%2F%3E%3C%2Fsvg%3E\" data-srcset=\"https:\/\/fecolboccia.co\/wp-content\/uploads\/2023\/07\/WBCS14-200x133.jpg 200w, https:\/\/fecolboccia.co\/wp-content\/uploads\/2023\/07\/WBCS14-300x200.jpg 300w, https:\/\/fecolboccia.co\/wp-content\/uploads\/2023\/07\/WBCS14-400x267.jpg 400w, https:\/\/fecolboccia.co\/wp-content\/uploads\/2023\/07\/WBCS14-600x400.jpg 600w, https:\/\/fecolboccia.co\/wp-content\/uploads\/2023\/07\/WBCS14-768x512.jpg 768w, https:\/\/fecolboccia.co\/wp-content\/uploads\/2023\/07\/WBCS14-800x533.jpg 800w, https:\/\/fecolboccia.co\/wp-content\/uploads\/2023\/07\/WBCS14-1024x682.jpg 1024w, https:\/\/fecolboccia.co\/wp-content\/uploads\/2023\/07\/WBCS14-1200x800.jpg 1200w, https:\/\/fecolboccia.co\/wp-content\/uploads\/2023\/07\/WBCS14-1536x1023.jpg 1536w, https:\/\/fecolboccia.co\/wp-content\/uploads\/2023\/07\/WBCS14.jpg 1600w\" data-sizes=\"auto\" data-orig-sizes=\"(max-width: 400px) 100vw, 400px\" \/><\/span><\/p>\n<p>&nbsp;<\/p>\n<p><span class=\"fontstyle0\">El arduo trabajo y dedicaci\u00f3n de los atletas y el equipo t\u00e9cnico se vieron recompensados en el World Boccia Challenger, donde lograron alcanzar el podio en diversas categor\u00edas. En la modalidad individual, Jes\u00fas Romero (BC3 Masculino) y Edilson Chica (BC4 Masculino) brillaron al obtener preseas de oro, mientras que Leidy Chica (BC4 Femenino) se adjudic\u00f3 una medalla de bronce.<\/span>En las competencias por parejas, la delegaci\u00f3n colombiana demostr\u00f3 su fortaleza al conquistar dos medallas de oro. Las parejas conformadas por Mar\u00eda del Mar V\u00e9lez y Jes\u00fas Romero (BC3) y por los hermanos Leidy y Edilson Chica (BC4) se alzaron como campeonas en sus respectivas categor\u00edas.<\/p>\n<p>&nbsp;<\/p>\n<p>El medallero general reflej\u00f3 el desempe\u00f1o sobresaliente de la delegaci\u00f3n colombiana:<\/p>\n<ul>\n<li><span class=\"fontstyle0\">Colombia: 4 oros y 1 bronce<\/span><\/li>\n<li><span class=\"fontstyle0\">Argentina: 3 oros, 1 plata y 1 bronce<\/span><\/li>\n<li><span class=\"fontstyle0\">Canad\u00e1: 2 oros, 3 platas y 5 bronces<\/span><\/li>\n<li><span class=\"fontstyle0\">M\u00e9xico: 2 oros, 3 platas y 5 bronces<\/span><\/li>\n<li><span class=\"fontstyle0\">Bermudas: 2 platas<\/span><\/li>\n<\/ul>\n<p>Este logro hist\u00f3rico en el World Boccia Challenger resalta la determinaci\u00f3n y el talento de los paratletas colombianos en el \u00e1mbito internacional. La Federaci\u00f3n Colombiana de Boccia celebra este \u00e9xito y contin\u00faa apoyando el desarrollo y la excelencia en el deporte.<\/p>\n<p>Para obtener m\u00e1s informaci\u00f3n sobre la participaci\u00f3n de la Selecci\u00f3n Nacional de Boccia en la ciudad de Fortaleza, Brasil, y para seguir su progreso durante el evento, s\u00edganos en nuestras redes sociales @fecolboccia<\/p>\n<\/div>\n<\/div>\n<\/div>\n<\/div>\n<section class=\"av_textblock_section av-lfjstsiq-bbd74ae09186fb906de11fab6f8bd741\">\n<div class=\"avia_textblock\">\n<div class=\"flex_column av-4a2txv-64511b5552e5ca06f9a91fa9cf327aa1 av_one_half avia-builder-el-6 el_after_av_textblock el_before_av_one_half first flex_column_div av-zero-column-padding column-top-margin\">\n<section class=\"av_textblock_section av-lfjte6gn-05eafa2a5df3fbf983609e999baa52d4\">\n<div class=\"avia_textblock\">\n<h4><span style=\"color: #ff0000;\">COMUNICACIONES FECOLBOCCIA<\/span><\/h4>\n<\/div>\n<\/section>\n<\/div>\n<\/div>\n<\/section>\n","protected":false},"excerpt":{"rendered":"<p>\u00c9xito hist\u00f3rico: el equipo colombiano de boccia triunfa en el<\/p>\n","protected":false},"author":1,"featured_media":3745,"comment_status":"closed","ping_status":"closed","sticky":false,"template":"","format":"standard","meta":{"footnotes":""},"categories":[114,72],"tags":[113,118,119,117],"class_list":["post-3916","post","type-post","status-publish","format-standard","has-post-thumbnail","hentry","category-fecolboccia","category-noticias","tag-boccia","tag-challenger","tag-santiago","tag-worldboccia"],"_links":{"self":[{"href":"https:\/\/fecolboccia.co\/index.php\/wp-json\/wp\/v2\/posts\/3916","targetHints":{"allow":["GET"]}}],"collection":[{"href":"https:\/\/fecolboccia.co\/index.php\/wp-json\/wp\/v2\/posts"}],"about":[{"href":"https:\/\/fecolboccia.co\/index.php\/wp-json\/wp\/v2\/types\/post"}],"author":[{"embeddable":true,"href":"https:\/\/fecolboccia.co\/index.php\/wp-json\/wp\/v2\/users\/1"}],"replies":[{"embeddable":true,"href":"https:\/\/fecolboccia.co\/index.php\/wp-json\/wp\/v2\/comments?post=3916"}],"version-history":[{"count":5,"href":"https:\/\/fecolboccia.co\/index.php\/wp-json\/wp\/v2\/posts\/3916\/revisions"}],"predecessor-version":[{"id":3924,"href":"https:\/\/fecolboccia.co\/index.php\/wp-json\/wp\/v2\/posts\/3916\/revisions\/3924"}],"wp:featuredmedia":[{"embeddable":true,"href":"https:\/\/fecolboccia.co\/index.php\/wp-json\/wp\/v2\/media\/3745"}],"wp:attachment":[{"href":"https:\/\/fecolboccia.co\/index.php\/wp-json\/wp\/v2\/media?parent=3916"}],"wp:term":[{"taxonomy":"category","embeddable":true,"href":"https:\/\/fecolboccia.co\/index.php\/wp-json\/wp\/v2\/categories?post=3916"},{"taxonomy":"post_tag","embeddable":true,"href":"https:\/\/fecolboccia.co\/index.php\/wp-json\/wp\/v2\/tags?post=3916"}],"curies":[{"name":"wp","href":"https:\/\/api.w.org\/{rel}","templated":true}]}}