{"id":4010,"date":"2023-08-24T08:54:21","date_gmt":"2023-08-24T13:54:21","guid":{"rendered":"https:\/\/fecolboccia.co\/?p=4010"},"modified":"2023-08-24T08:54:21","modified_gmt":"2023-08-24T13:54:21","slug":"la-seleccion-colombiana-de-boccia-se-prepara-para-fortaleza-2023-world-boccia-cup","status":"publish","type":"post","link":"https:\/\/fecolboccia.co\/index.php\/2023\/08\/24\/la-seleccion-colombiana-de-boccia-se-prepara-para-fortaleza-2023-world-boccia-cup\/","title":{"rendered":"LA SELECCI\u00d3N COLOMBIANA DE BOCCIA SE PREPARA PARA FORTALEZA 2023 WORLD BOCCIA CUP"},"content":{"rendered":"<h2 style=\"font-weight: 400; text-align: center;\">LA SELECCI\u00d3N COLOMBIANA DE BOCCIA SE PREPARA PARA FORTALEZA 2023 WORLD BOCCIA CUP<\/h2>\n<div class=\"flex_column av-75x1k3-3529ed8e839d5658b07bf3a99f8f55f3 av_one_half avia-builder-el-1 el_after_av_textblock el_before_av_one_half first flex_column_div av-zero-column-padding column-top-margin\">\n<section class=\"av_textblock_section av-lfjqvme1-d6633b485e8306df6ede773b1c7d5480\">\n<div class=\"avia_textblock\">\n<p><span class=\"fontstyle0\"><img decoding=\"async\" class=\"lazyload alignleft wp-image-4011 size-fusion-400\" src=\"https:\/\/fecolboccia.co\/wp-content\/uploads\/2023\/08\/Coliseo-Miguel-Calero-400x207.png\" data-orig-src=\"https:\/\/fecolboccia.co\/wp-content\/uploads\/2023\/08\/Coliseo-Miguel-Calero-400x207.png\" alt=\"\" width=\"400\" height=\"207\" srcset=\"data:image\/svg+xml,%3Csvg%20xmlns%3D%27http%3A%2F%2Fwww.w3.org%2F2000%2Fsvg%27%20width%3D%27400%27%20height%3D%27207%27%20viewBox%3D%270%200%20400%20207%27%3E%3Crect%20width%3D%27400%27%20height%3D%27207%27%20fill-opacity%3D%220%22%2F%3E%3C%2Fsvg%3E\" data-srcset=\"https:\/\/fecolboccia.co\/wp-content\/uploads\/2023\/08\/Coliseo-Miguel-Calero-200x103.png 200w, https:\/\/fecolboccia.co\/wp-content\/uploads\/2023\/08\/Coliseo-Miguel-Calero-300x155.png 300w, https:\/\/fecolboccia.co\/wp-content\/uploads\/2023\/08\/Coliseo-Miguel-Calero-400x207.png 400w, https:\/\/fecolboccia.co\/wp-content\/uploads\/2023\/08\/Coliseo-Miguel-Calero.png 578w\" data-sizes=\"auto\" data-orig-sizes=\"(max-width: 400px) 100vw, 400px\" \/>L<\/span><span class=\"fontstyle1\">a selecci\u00f3n nacional se encuentra en concentraci\u00f3n en la ciudad de Cali prepar\u00e1ndose para su participaci\u00f3n en la ciudad de Fortaleza, pa\u00eds vecino Brasil del 02 al 09 de septiembre de 2023. El escenario de entrenamiento ser\u00e1 en el coliseo Miguel Calero.<\/span><\/p>\n<\/div>\n<\/section>\n<\/div>\n<p><!--more--><\/p>\n<div class=\"flex_column av-5me5oj-caa3cb5376542c6a252472e469d12a56 av_one_half avia-builder-el-3 el_after_av_one_half el_before_av_textblock flex_column_div av-zero-column-padding column-top-margin\">\n<div class=\"avia-image-container av-lfjsmsii-02173c10a1aee3628ba65d0bf4fcfbae av-styling- avia-align-center avia-builder-el-4 avia-builder-el-no-sibling \">\n<div class=\"avia-image-container-inner\">\n<div class=\"avia-image-overlay-wrap\">\n<p><span class=\"fontstyle0\">La ciudad de Santiago de Cali se convierte en el epicentro de la preparaci\u00f3n de la Selecci\u00f3n Nacional de Boccia, mientras se concentran en intensivas sesiones de entrenamiento para enfrentar un desaf\u00edo internacional en la ciudad de Fortaleza, Brasil. El evento est\u00e1 programado del 2 al 9 de septiembre de 2023 y promete ser una competencia llena de pasi\u00f3n y habilidades excepcionales.<\/span><\/p>\n<p><span class=\"fontstyle0\">El coliseo Miguel Calero se ha convertido en el escenario ideal para el entrenamiento intensivo de los atletas, quienes se esfuerzan por perfeccionar sus habilidades y afinar sus estrategias para enfrentar a equipos de toda la regi\u00f3n. La dedicaci\u00f3n y el esp\u00edritu de equipo son palpables en cada sesi\u00f3n de entrenamiento, y la determinaci\u00f3n de representar a Colombia con orgullo es evidente en cada paso que dan.<\/span><\/p>\n<p><span class=\"fontstyle0\">La competencia en Fortaleza, Brasil, no solo representa una oportunidad para los atletas de demostrar su destreza en la boccia, sino que tambi\u00e9n destaca el esp\u00edritu de deportividad y cooperaci\u00f3n entre naciones vecinas. La federaci\u00f3n se enorgullece de ser parte de este evento y espera que la Selecci\u00f3n Nacional contin\u00fae inspirando a otros a trav\u00e9s de su pasi\u00f3n y dedicaci\u00f3n al deporte.<\/span><\/p>\n<p><span class=\"fontstyle0\">Para obtener m\u00e1s informaci\u00f3n sobre la participaci\u00f3n de la Selecci\u00f3n Nacional de Boccia en la ciudad de Fortaleza, Brasil, y para seguir su progreso durante el evento, s\u00edganos en nuestras redes sociales @fecolboccia<\/span><\/p>\n<\/div>\n<\/div>\n<\/div>\n<\/div>\n<section class=\"av_textblock_section av-lfjstsiq-bbd74ae09186fb906de11fab6f8bd741\">\n<div class=\"avia_textblock\">\n<div class=\"flex_column av-4a2txv-64511b5552e5ca06f9a91fa9cf327aa1 av_one_half avia-builder-el-6 el_after_av_textblock el_before_av_one_half first flex_column_div av-zero-column-padding column-top-margin\">\n<section class=\"av_textblock_section av-lfjte6gn-05eafa2a5df3fbf983609e999baa52d4\">\n<div class=\"avia_textblock\">\n<h4><span style=\"color: #ff0000;\">COMUNICACIONES FECOLBOCCIA<\/span><\/h4>\n<\/div>\n<\/section>\n<\/div>\n<\/div>\n<\/section>\n","protected":false},"excerpt":{"rendered":"<p>LA SELECCI\u00d3N COLOMBIANA DE BOCCIA SE PREPARA PARA FORTALEZA 2023<\/p>\n","protected":false},"author":1,"featured_media":4011,"comment_status":"closed","ping_status":"closed","sticky":false,"template":"","format":"standard","meta":{"footnotes":""},"categories":[114,72],"tags":[113,118,119,117],"class_list":["post-4010","post","type-post","status-publish","format-standard","has-post-thumbnail","hentry","category-fecolboccia","category-noticias","tag-boccia","tag-challenger","tag-santiago","tag-worldboccia"],"_links":{"self":[{"href":"https:\/\/fecolboccia.co\/index.php\/wp-json\/wp\/v2\/posts\/4010","targetHints":{"allow":["GET"]}}],"collection":[{"href":"https:\/\/fecolboccia.co\/index.php\/wp-json\/wp\/v2\/posts"}],"about":[{"href":"https:\/\/fecolboccia.co\/index.php\/wp-json\/wp\/v2\/types\/post"}],"author":[{"embeddable":true,"href":"https:\/\/fecolboccia.co\/index.php\/wp-json\/wp\/v2\/users\/1"}],"replies":[{"embeddable":true,"href":"https:\/\/fecolboccia.co\/index.php\/wp-json\/wp\/v2\/comments?post=4010"}],"version-history":[{"count":1,"href":"https:\/\/fecolboccia.co\/index.php\/wp-json\/wp\/v2\/posts\/4010\/revisions"}],"predecessor-version":[{"id":4012,"href":"https:\/\/fecolboccia.co\/index.php\/wp-json\/wp\/v2\/posts\/4010\/revisions\/4012"}],"wp:featuredmedia":[{"embeddable":true,"href":"https:\/\/fecolboccia.co\/index.php\/wp-json\/wp\/v2\/media\/4011"}],"wp:attachment":[{"href":"https:\/\/fecolboccia.co\/index.php\/wp-json\/wp\/v2\/media?parent=4010"}],"wp:term":[{"taxonomy":"category","embeddable":true,"href":"https:\/\/fecolboccia.co\/index.php\/wp-json\/wp\/v2\/categories?post=4010"},{"taxonomy":"post_tag","embeddable":true,"href":"https:\/\/fecolboccia.co\/index.php\/wp-json\/wp\/v2\/tags?post=4010"}],"curies":[{"name":"wp","href":"https:\/\/api.w.org\/{rel}","templated":true}]}}