{"id":4093,"date":"2023-09-10T09:59:57","date_gmt":"2023-09-10T14:59:57","guid":{"rendered":"https:\/\/fecolboccia.co\/?p=4093"},"modified":"2023-09-12T10:25:24","modified_gmt":"2023-09-12T15:25:24","slug":"exito-de-colombia-en-la-fortaleza-2023-world-boccia-cup","status":"publish","type":"post","link":"https:\/\/fecolboccia.co\/index.php\/2023\/09\/10\/exito-de-colombia-en-la-fortaleza-2023-world-boccia-cup\/","title":{"rendered":"\u00c9XITO DE COLOMBIA EN LA FORTALEZA 2023 WORLD BOCCIA CUP"},"content":{"rendered":"<div class=\"fusion-fullwidth fullwidth-box fusion-builder-row-1 fusion-flex-container nonhundred-percent-fullwidth non-hundred-percent-height-scrolling\" style=\"--awb-border-radius-top-left:0px;--awb-border-radius-top-right:0px;--awb-border-radius-bottom-right:0px;--awb-border-radius-bottom-left:0px;--awb-flex-wrap:wrap;\" ><div class=\"fusion-builder-row fusion-row fusion-flex-align-items-flex-start fusion-flex-content-wrap\" style=\"max-width:1185.6px;margin-left: calc(-4% \/ 2 );margin-right: calc(-4% \/ 2 );\"><div class=\"fusion-layout-column fusion_builder_column fusion-builder-column-0 fusion_builder_column_1_1 1_1 fusion-flex-column\" style=\"--awb-bg-blend:overlay;--awb-bg-size:cover;--awb-width-large:100%;--awb-margin-top-large:0px;--awb-spacing-right-large:1.92%;--awb-margin-bottom-large:0px;--awb-spacing-left-large:1.92%;--awb-width-medium:100%;--awb-spacing-right-medium:1.92%;--awb-spacing-left-medium:1.92%;--awb-width-small:100%;--awb-spacing-right-small:1.92%;--awb-spacing-left-small:1.92%;\"><div class=\"fusion-column-wrapper fusion-flex-justify-content-flex-start fusion-content-layout-column\"><div class=\"fusion-text fusion-text-1\"><h1 style=\"text-align: center;\"><strong>\u00c9XITO DE COLOMBIA EN LA FORTALEZA 2023 WORLD BOCCIA CUP.<\/strong><\/h1>\n<div class=\"flex_column av-75x1k3-3529ed8e839d5658b07bf3a99f8f55f3 av_one_half avia-builder-el-1 el_after_av_textblock el_before_av_one_half first flex_column_div av-zero-column-padding column-top-margin\">\n<section class=\"av_textblock_section av-lfjqvme1-d6633b485e8306df6ede773b1c7d5480\">\n<div class=\"avia_textblock\">\n<p><strong><img decoding=\"async\" class=\"lazyload size-medium wp-image-4094 alignleft\" src=\"https:\/\/fecolboccia.co\/wp-content\/uploads\/2023\/09\/WhatsApp-Image-2023-09-12-at-09.03.34-300x200.jpeg\" data-orig-src=\"https:\/\/fecolboccia.co\/wp-content\/uploads\/2023\/09\/WhatsApp-Image-2023-09-12-at-09.03.34-300x200.jpeg\" alt=\"\" width=\"300\" height=\"200\" srcset=\"data:image\/svg+xml,%3Csvg%20xmlns%3D%27http%3A%2F%2Fwww.w3.org%2F2000%2Fsvg%27%20width%3D%27300%27%20height%3D%27200%27%20viewBox%3D%270%200%20300%20200%27%3E%3Crect%20width%3D%27300%27%20height%3D%27200%27%20fill-opacity%3D%220%22%2F%3E%3C%2Fsvg%3E\" data-srcset=\"https:\/\/fecolboccia.co\/wp-content\/uploads\/2023\/09\/WhatsApp-Image-2023-09-12-at-09.03.34-200x133.jpeg 200w, https:\/\/fecolboccia.co\/wp-content\/uploads\/2023\/09\/WhatsApp-Image-2023-09-12-at-09.03.34-300x200.jpeg 300w, https:\/\/fecolboccia.co\/wp-content\/uploads\/2023\/09\/WhatsApp-Image-2023-09-12-at-09.03.34-400x267.jpeg 400w, https:\/\/fecolboccia.co\/wp-content\/uploads\/2023\/09\/WhatsApp-Image-2023-09-12-at-09.03.34-600x400.jpeg 600w, https:\/\/fecolboccia.co\/wp-content\/uploads\/2023\/09\/WhatsApp-Image-2023-09-12-at-09.03.34-768x512.jpeg 768w, https:\/\/fecolboccia.co\/wp-content\/uploads\/2023\/09\/WhatsApp-Image-2023-09-12-at-09.03.34-800x533.jpeg 800w, https:\/\/fecolboccia.co\/wp-content\/uploads\/2023\/09\/WhatsApp-Image-2023-09-12-at-09.03.34-1024x682.jpeg 1024w, https:\/\/fecolboccia.co\/wp-content\/uploads\/2023\/09\/WhatsApp-Image-2023-09-12-at-09.03.34-1200x800.jpeg 1200w, https:\/\/fecolboccia.co\/wp-content\/uploads\/2023\/09\/WhatsApp-Image-2023-09-12-at-09.03.34-1536x1023.jpeg 1536w, https:\/\/fecolboccia.co\/wp-content\/uploads\/2023\/09\/WhatsApp-Image-2023-09-12-at-09.03.34.jpeg 1600w\" data-sizes=\"auto\" data-orig-sizes=\"(max-width: 300px) 100vw, 300px\" \/>FORTALEZA 2023 WORLD BOCCIA CUP<\/strong>, que se llev\u00f3 a cabo del 2 al 8 de septiembre en Brasil, culmin\u00f3 de manera exitosa con una destacada representaci\u00f3n por parte de Colombia. Este evento marc\u00f3 un hito importante en la preparaci\u00f3n del equipo colombiano de Boccia para los pr\u00f3ximos Juegos Parapanamericanos Santiago 2023.<\/p>\n<p>La <strong>SELECCI\u00d3N COLOMBIA DE BOCCIA<\/strong> dej\u00f3 una huella imborrable al obtener un impresionante conjunto de medallas en diferentes categor\u00edas, destacando su talento y determinaci\u00f3n en la competencia internacional.<\/p>\n<p><strong>LOGROS DESTACADOS DE COLOMBIA EN LA FORTALEZA 2023 WORLD BOCCIA CUP:<\/strong><\/p>\n<ul>\n<li>Medalla de Oro en BC4 Individual Masculino: Edilson Chica se consagr\u00f3 campe\u00f3n en la categor\u00eda BC4 individual masculino.<\/li>\n<\/ul>\n<ul>\n<li>Medalla de Plata en BC4 Individual Femenino: Leidy Chica brill\u00f3 con luz propia al obtener la medalla de plata en la categor\u00eda BC4 individual femenino, destac\u00e1ndose como una de las mejores en su disciplina.<\/li>\n<\/ul>\n<ul>\n<li>Medalla de Bronce en BC3 Parejas: Mar\u00eda del Mar V\u00e9lez y Jes\u00fas Romero se hicieron merecedores de la medalla de bronce en la categor\u00eda BC3 parejas, consolidando su desempe\u00f1o en esta competencia de alto nivel.<\/li>\n<\/ul>\n<ul>\n<li>Medalla de Bronce en BC4 Parejas: Edilson Chica y Leidy Chica tambi\u00e9n alcanzaron la medalla de bronce en la categor\u00eda BC4 parejas, agregando otro logro sobresaliente al equipo colombiano.<\/li>\n<\/ul>\n<p>Con estos logros, la <strong>SELECCI\u00d3N COLOMBIA DE BOCCIA<\/strong> obtuvo un meritorio tercer lugar en la tabla general de medaller\u00eda del evento, consolidando su posici\u00f3n como uno de los equipos m\u00e1s destacados en <strong>FORTALEZA 2023 WORLD BOCCIA CUP.<\/strong><\/p>\n<p>La delegaci\u00f3n que represent\u00f3 a Colombia en este evento estuvo conformada por un grupo de deportistas, auxiliares, entrenadores y personal de apoyo log\u00edstico, quienes trabajaron incansablemente para lograr estos resultados sobresalientes.<\/p>\n<p><strong>DELEGACI\u00d3N DE COLOMBIA EN FORTALEZA 2023 WORLD BOCCIA CUP:<\/strong><\/p>\n<p><strong>Delegado:<\/strong> Nelson Mu\u00f1oz<\/p>\n<p><strong>DEPORTISTAS:<\/strong><\/p>\n<p>Mar\u00eda del Mar V\u00e9lez (BC3)<\/p>\n<p>Jes\u00fas Romero (BC3)<\/p>\n<p>Leidy Chica (BC4)<\/p>\n<p>Euclides Grisales (BC4)<\/p>\n<p>Edilson Chica (BC4)<\/p>\n<p><strong>AUXILIARES:<\/strong><\/p>\n<p>Yulieth Riascos<\/p>\n<p>Reynel Romero<\/p>\n<p>Ana Cecilia Aponte<\/p>\n<p>Felipe Ordo\u00f1ez<\/p>\n<p>Jorge Salazar<\/p>\n<p><strong>Entrenador:<\/strong> Camilo Ortega<\/p>\n<p><strong>Asistente T\u00e9cnico:<\/strong> Josef Guzm\u00e1n<\/p>\n<p><strong>Servicios M\u00e9dicos<\/strong>: Adriana Hern\u00e1ndez<\/p>\n<p><strong>Fisioterapeuta:<\/strong> Lina Marcela Lozano<\/p>\n<p><strong>Apoyo Log\u00edstico:<\/strong> Michaell Serna<\/p>\n<p>La Federaci\u00f3n Colombiana de Boccia se enorgullece de estos destacados logros y felicita a todos los miembros de la delegaci\u00f3n por su dedicaci\u00f3n y esfuerzo en <strong>FORTALEZA 2023 WORLD BOCCIA CUP<\/strong>.<\/p>\n<p>Para m\u00e1s informaci\u00f3n y actualizaciones sobre el desempe\u00f1o de la Selecci\u00f3n Colombia de Boccia, por favor, visite nuestro sitio web oficial y nuestras redes sociales @fecolboccia<\/p>\n<\/div>\n<\/section>\n<\/div>\n<div class=\"flex_column av-5me5oj-caa3cb5376542c6a252472e469d12a56 av_one_half avia-builder-el-3 el_after_av_one_half el_before_av_textblock flex_column_div av-zero-column-padding column-top-margin\">\n<div class=\"avia-image-container av-lfjsmsii-02173c10a1aee3628ba65d0bf4fcfbae av-styling- avia-align-center avia-builder-el-4 avia-builder-el-no-sibling \">\n<div class=\"avia-image-container-inner\">\n<div class=\"avia-image-overlay-wrap\"><\/div>\n<\/div>\n<\/div>\n<\/div>\n<section class=\"av_textblock_section av-lfjstsiq-bbd74ae09186fb906de11fab6f8bd741\">\n<div class=\"avia_textblock\">\n<div class=\"flex_column av-4a2txv-64511b5552e5ca06f9a91fa9cf327aa1 av_one_half avia-builder-el-6 el_after_av_textblock el_before_av_one_half first flex_column_div av-zero-column-padding column-top-margin\">\n<section class=\"av_textblock_section av-lfjte6gn-05eafa2a5df3fbf983609e999baa52d4\">\n<div class=\"avia_textblock\">\n<h4 class=\"fusion-responsive-typography-calculated\" style=\"--fontsize: 18; line-height: 1.5; --minfontsize: 18;\" data-fontsize=\"18\" data-lineheight=\"27px\"><span style=\"color: #ff0000;\">COMUNICACIONES FECOLBOCCIA<\/span><\/h4>\n<\/div>\n<\/section>\n<\/div>\n<\/div>\n<\/section>\n<\/div><\/div><\/div><\/div><\/div>\n","protected":false},"excerpt":{"rendered":"","protected":false},"author":2,"featured_media":4094,"comment_status":"closed","ping_status":"closed","sticky":false,"template":"","format":"standard","meta":{"footnotes":""},"categories":[114,72],"tags":[113,117,121,120,122],"class_list":["post-4093","post","type-post","status-publish","format-standard","has-post-thumbnail","hentry","category-fecolboccia","category-noticias","tag-boccia","tag-worldboccia","tag-brasil","tag-fortaleza","tag-worldbocciacup"],"_links":{"self":[{"href":"https:\/\/fecolboccia.co\/index.php\/wp-json\/wp\/v2\/posts\/4093","targetHints":{"allow":["GET"]}}],"collection":[{"href":"https:\/\/fecolboccia.co\/index.php\/wp-json\/wp\/v2\/posts"}],"about":[{"href":"https:\/\/fecolboccia.co\/index.php\/wp-json\/wp\/v2\/types\/post"}],"author":[{"embeddable":true,"href":"https:\/\/fecolboccia.co\/index.php\/wp-json\/wp\/v2\/users\/2"}],"replies":[{"embeddable":true,"href":"https:\/\/fecolboccia.co\/index.php\/wp-json\/wp\/v2\/comments?post=4093"}],"version-history":[{"count":1,"href":"https:\/\/fecolboccia.co\/index.php\/wp-json\/wp\/v2\/posts\/4093\/revisions"}],"predecessor-version":[{"id":4095,"href":"https:\/\/fecolboccia.co\/index.php\/wp-json\/wp\/v2\/posts\/4093\/revisions\/4095"}],"wp:featuredmedia":[{"embeddable":true,"href":"https:\/\/fecolboccia.co\/index.php\/wp-json\/wp\/v2\/media\/4094"}],"wp:attachment":[{"href":"https:\/\/fecolboccia.co\/index.php\/wp-json\/wp\/v2\/media?parent=4093"}],"wp:term":[{"taxonomy":"category","embeddable":true,"href":"https:\/\/fecolboccia.co\/index.php\/wp-json\/wp\/v2\/categories?post=4093"},{"taxonomy":"post_tag","embeddable":true,"href":"https:\/\/fecolboccia.co\/index.php\/wp-json\/wp\/v2\/tags?post=4093"}],"curies":[{"name":"wp","href":"https:\/\/api.w.org\/{rel}","templated":true}]}}